{"id":1807,"date":"2016-10-19T17:09:50","date_gmt":"2016-10-19T15:09:50","guid":{"rendered":"http:\/\/ck.gminakolno.pl\/?p=1807"},"modified":"2016-11-08T10:45:40","modified_gmt":"2016-11-08T09:45:40","slug":"dzien-papieski-totus-tuus","status":"publish","type":"post","link":"http:\/\/ck.gminakolno.pl\/?p=1807","title":{"rendered":"Dzie\u0144 papieski Totus Tuus"},"content":{"rendered":"<p>W tym roku obchodzili\u015bmy 38 rocznic\u0119 wyboru na Stolic\u0119 Piotrow\u0105 naszego Wielkiego Rodaka \u015bw. Jana Paw\u0142a II. Chocia\u017c XVI Dzie\u0144 Papieski obchodzili\u015bmy \u00a09 pa\u017adziernika br. pod tytu\u0142em: \u201eJan Pawe\u0142 II- B\u0105d\u017acie \u015bwiadkami mi\u0142osierdzia\u201d pomagaj\u0105c naszej zdolnej m\u0142odzie\u017cy, wspieraj\u0105c modlitw\u0105 i ofiar\u0105 materialn\u0105 inicjatyw\u0119 Fundacji Dzie\u0142o Nowego Tysi\u0105clecia, to w niedzielny wiecz\u00f3r 16 pa\u017adziernika br. zgromadzili\u015bmy si\u0119 w naszym ko\u015bciele parafialnym na wieczorze papieskim pt. \u201eTotus Tuus\u201d. <!--more-->M\u0142odzie\u017c naszej parafii, ucz\u0105ca si\u0119 w naszym Publicznym Gimnazjum, Bart\u0142omiej Chodnicki ucze\u0144 I Liceum Og\u00f3lnokszta\u0142c\u0105cego im. A. Mickiewicza w Kolnie, Martyna Truszkowska uczennica II Liceum Og\u00f3lnokszta\u0142c\u0105cego im. Kard. S. Wyszy\u0144skiego w Kolnie, Marcelina Skrodzka studentka le\u015bnictwa na SGGW w Warszawie, m\u0142odzie\u017c ze scholi parafialnej przybli\u017cy\u0142a nam bogat\u0105 biografi\u0119 Ojca \u015awi\u0119tego Jana Paw\u0142a II, s\u0142owa kt\u00f3re kierowa\u0142 do nas Polak\u00f3w, poezj\u0119 i homilie. M\u0142odzie\u017c do wyst\u0119pu przygotowywali: pan Kazimierz Koter pracownik naszego Centrum Kultury i Rekreacji w Lachowie, Alina Skrodzka-Zale\u015bna katechetka i ks. Bart\u0142omiej Ja\u017awi\u0144ski wikariusz. Dzisiaj potrzeba by\u015bmy, nie tylko wspominali \u015bw. Jana Paw\u0142a II, jego \u017cycie i s\u0142owa, ale te\u017c by\u015bmy, jego nauczanie wprowadzali w nasze codzienne \u017cycie. Na zako\u0144czenie naszego wieczoru po modlitwie apelowej udali\u015bmy si\u0119 pod pomnik \u015bw. Jana Paw\u0142a II, kt\u00f3ry stoi przy naszym ko\u015bciele sk\u0142adaj\u0105c symboliczne kwiaty i znicze. Dzi\u0119kujemy serdecznie wszystkim, kt\u00f3rzy zaszczycili nas swoj\u0105 obecno\u015bci\u0105 i odpowiedzieli na zaproszenie naszej zdolnej m\u0142odzie\u017cy.<\/p>\n<div style=\"width:100%\"><div class=\"wd_error\"><p><strong>Nie wybrano \u017cadnej galerii lub galeria zosta\u0142a usuni\u0119ta.<\/strong><\/p><\/div><\/div>\n<p style=\"text-align: right;\"><em>Tekst i zdjecia: Ks. Bart\u0142omiej<\/em><\/p>\n<p style=\"text-align: left;\">\n","protected":false},"excerpt":{"rendered":"<p>W tym roku obchodzili\u015bmy 38 rocznic\u0119 wyboru na Stolic\u0119 Piotrow\u0105 naszego Wielkiego Rodaka \u015bw. Jana Paw\u0142a II. Chocia\u017c XVI Dzie\u0144 Papieski obchodzili\u015bmy \u00a09 pa\u017adziernika br. pod tytu\u0142em: \u201eJan Pawe\u0142 II- B\u0105d\u017acie \u015bwiadkami mi\u0142osierdzia\u201d pomagaj\u0105c naszej &hellip; <\/p>\n","protected":false},"author":1,"featured_media":1856,"comment_status":"open","ping_status":"open","sticky":false,"template":"","format":"standard","meta":{"jetpack_post_was_ever_published":false,"_jetpack_newsletter_access":"","_jetpack_dont_email_post_to_subs":true,"_jetpack_newsletter_tier_id":0,"_jetpack_memberships_contains_paywalled_content":false,"_jetpack_memberships_contains_paid_content":false,"footnotes":"","jetpack_publicize_message":"","jetpack_publicize_feature_enabled":true,"jetpack_social_post_already_shared":true,"jetpack_social_options":{"image_generator_settings":{"template":"highway","default_image_id":0,"enabled":false},"version":2}},"categories":[28,4],"tags":[11,194,33,195,150],"class_list":["post-1807","post","type-post","status-publish","format-standard","has-post-thumbnail","hentry","category-koncert","category-relacja","tag-ckgk","tag-jan-pawel-ii","tag-lachowo","tag-parafia-w-lachowie","tag-relacja"],"jetpack_publicize_connections":[],"jetpack_featured_media_url":"https:\/\/i0.wp.com\/ck.gminakolno.pl\/wp-content\/uploads\/2016\/10\/DSC_0099.jpg?fit=1128%2C750","jetpack_sharing_enabled":true,"jetpack_shortlink":"https:\/\/wp.me\/p3l35P-t9","jetpack-related-posts":[],"_links":{"self":[{"href":"http:\/\/ck.gminakolno.pl\/index.php?rest_route=\/wp\/v2\/posts\/1807","targetHints":{"allow":["GET"]}}],"collection":[{"href":"http:\/\/ck.gminakolno.pl\/index.php?rest_route=\/wp\/v2\/posts"}],"about":[{"href":"http:\/\/ck.gminakolno.pl\/index.php?rest_route=\/wp\/v2\/types\/post"}],"author":[{"embeddable":true,"href":"http:\/\/ck.gminakolno.pl\/index.php?rest_route=\/wp\/v2\/users\/1"}],"replies":[{"embeddable":true,"href":"http:\/\/ck.gminakolno.pl\/index.php?rest_route=%2Fwp%2Fv2%2Fcomments&post=1807"}],"version-history":[{"count":14,"href":"http:\/\/ck.gminakolno.pl\/index.php?rest_route=\/wp\/v2\/posts\/1807\/revisions"}],"predecessor-version":[{"id":1894,"href":"http:\/\/ck.gminakolno.pl\/index.php?rest_route=\/wp\/v2\/posts\/1807\/revisions\/1894"}],"wp:featuredmedia":[{"embeddable":true,"href":"http:\/\/ck.gminakolno.pl\/index.php?rest_route=\/wp\/v2\/media\/1856"}],"wp:attachment":[{"href":"http:\/\/ck.gminakolno.pl\/index.php?rest_route=%2Fwp%2Fv2%2Fmedia&parent=1807"}],"wp:term":[{"taxonomy":"category","embeddable":true,"href":"http:\/\/ck.gminakolno.pl\/index.php?rest_route=%2Fwp%2Fv2%2Fcategories&post=1807"},{"taxonomy":"post_tag","embeddable":true,"href":"http:\/\/ck.gminakolno.pl\/index.php?rest_route=%2Fwp%2Fv2%2Ftags&post=1807"}],"curies":[{"name":"wp","href":"https:\/\/api.w.org\/{rel}","templated":true}]}}