{"id":3166,"date":"2020-02-03T11:49:29","date_gmt":"2020-02-03T10:49:29","guid":{"rendered":"http:\/\/ck.gminakolno.pl\/?p=3166"},"modified":"2020-02-03T11:49:33","modified_gmt":"2020-02-03T10:49:33","slug":"ferie-z-ckgk","status":"publish","type":"post","link":"http:\/\/ck.gminakolno.pl\/?p=3166","title":{"rendered":"Ferie z CKGK"},"content":{"rendered":"\n<p>No i sko\u0144czy\u0142 si\u0119 czas laby i feryjnego luzu. Od dzi\u015b m\u0142odzie\u017c, z u\u015bmiechem na twarzach, znowu ruszy\u0142a zdobywa\u0107 wiedz\u0119. Ostatnie dwa tygodnie min\u0119\u0142y oczywi\u015bcie w bardzo &#8222;zimowym&#8221; klimacie. No c\u00f3\u017c. Jak m\u00f3wi stare przys\u0142owie nied\u017awiedzi&#8230; Stycze\u0144 plecie\u0144 bo przeplata&#8230;<\/p>\n<p>Nasza plac\u00f3wka ofiarowywa\u0142a mo\u017cliwo\u015b\u0107 korzystania z pomieszcze\u0144 wszystkich naszych \u015bwietlic\u00a0 i urz\u0105dze\u0144. Organizowali\u015bmy te\u017c zaj\u0119cia plastyczne i warsztaty muzyczne i teatralne. Najwi\u0119ksz\u0105 atrakcj\u0105 jednak by\u0142 wyjazd do \u0141om\u017cy na seans filmowy (komedia animowana dla dzieci i doros\u0142ych) oraz na lodowisko, gdzie by\u0142o mn\u00f3stwo szale\u0144stwa i przedniej zabawy.<\/p>\n<p>Przynajmniej tam uda\u0142o si\u0119 nam zazna\u0107 nieco zimy.<\/p>\n<p><a href=\"https:\/\/photos.google.com\/b\/118138682497846676684\/album\/AF1QipNGOuyjhW8AS8YR6thQ2qLLGqyaIMv_D5ANb3w_\" rel=\"attachment noopener wp-att-3169 noreferrer\" target=\"_blank\"><img data-recalc-dims=\"1\" loading=\"lazy\" decoding=\"async\" data-attachment-id=\"3169\" data-permalink=\"http:\/\/ck.gminakolno.pl\/?attachment_id=3169\" data-orig-file=\"https:\/\/i0.wp.com\/ck.gminakolno.pl\/wp-content\/uploads\/2020\/02\/iza_warszt_wincen_www.jpg?fit=952%2C1153\" data-orig-size=\"952,1153\" data-comments-opened=\"0\" data-image-meta=\"{&quot;aperture&quot;:&quot;0&quot;,&quot;credit&quot;:&quot;&quot;,&quot;camera&quot;:&quot;&quot;,&quot;caption&quot;:&quot;&quot;,&quot;created_timestamp&quot;:&quot;0&quot;,&quot;copyright&quot;:&quot;&quot;,&quot;focal_length&quot;:&quot;0&quot;,&quot;iso&quot;:&quot;0&quot;,&quot;shutter_speed&quot;:&quot;0&quot;,&quot;title&quot;:&quot;&quot;,&quot;orientation&quot;:&quot;0&quot;}\" data-image-title=\"iza_warszt_wincen_www\" data-image-description=\"\" data-image-caption=\"\" data-medium-file=\"https:\/\/i0.wp.com\/ck.gminakolno.pl\/wp-content\/uploads\/2020\/02\/iza_warszt_wincen_www.jpg?fit=248%2C300\" data-large-file=\"https:\/\/i0.wp.com\/ck.gminakolno.pl\/wp-content\/uploads\/2020\/02\/iza_warszt_wincen_www.jpg?fit=814%2C986\" src=\"https:\/\/i0.wp.com\/ck.gminakolno.pl\/wp-content\/uploads\/2020\/02\/iza_warszt_wincen_www.jpg?resize=750%2C909\" alt=\"\" width=\"750\" height=\"909\" class=\"aligncenter size-large wp-image-3169\" srcset=\"https:\/\/i0.wp.com\/ck.gminakolno.pl\/wp-content\/uploads\/2020\/02\/iza_warszt_wincen_www.jpg?resize=845%2C1024 845w, https:\/\/i0.wp.com\/ck.gminakolno.pl\/wp-content\/uploads\/2020\/02\/iza_warszt_wincen_www.jpg?resize=248%2C300 248w, https:\/\/i0.wp.com\/ck.gminakolno.pl\/wp-content\/uploads\/2020\/02\/iza_warszt_wincen_www.jpg?resize=768%2C930 768w, https:\/\/i0.wp.com\/ck.gminakolno.pl\/wp-content\/uploads\/2020\/02\/iza_warszt_wincen_www.jpg?w=952 952w\" sizes=\"auto, (max-width: 750px) 100vw, 750px\" \/><\/a><\/p>\n<h6><a href=\"https:\/\/photos.google.com\/b\/118138682497846676684\/album\/AF1QipNGOuyjhW8AS8YR6thQ2qLLGqyaIMv_D5ANb3w_\" target=\"_blank\" rel=\"noopener noreferrer\">Warsztaty plastyczne w Wincencie<\/a><\/h6>\n<p><a href=\"https:\/\/photos.app.goo.gl\/RTHQfrqkmrsVgoEw6\" rel=\"attachment noopener wp-att-3168 noreferrer\" target=\"_blank\"><img data-recalc-dims=\"1\" loading=\"lazy\" decoding=\"async\" data-attachment-id=\"3168\" data-permalink=\"http:\/\/ck.gminakolno.pl\/?attachment_id=3168\" data-orig-file=\"https:\/\/i0.wp.com\/ck.gminakolno.pl\/wp-content\/uploads\/2020\/02\/iza_warszt_zabiele_www.jpg?fit=1595%2C741\" data-orig-size=\"1595,741\" data-comments-opened=\"0\" data-image-meta=\"{&quot;aperture&quot;:&quot;0&quot;,&quot;credit&quot;:&quot;&quot;,&quot;camera&quot;:&quot;&quot;,&quot;caption&quot;:&quot;&quot;,&quot;created_timestamp&quot;:&quot;0&quot;,&quot;copyright&quot;:&quot;&quot;,&quot;focal_length&quot;:&quot;0&quot;,&quot;iso&quot;:&quot;0&quot;,&quot;shutter_speed&quot;:&quot;0&quot;,&quot;title&quot;:&quot;&quot;,&quot;orientation&quot;:&quot;0&quot;}\" data-image-title=\"iza_warszt_zabiele_www\" data-image-description=\"\" data-image-caption=\"\" data-medium-file=\"https:\/\/i0.wp.com\/ck.gminakolno.pl\/wp-content\/uploads\/2020\/02\/iza_warszt_zabiele_www.jpg?fit=300%2C139\" data-large-file=\"https:\/\/i0.wp.com\/ck.gminakolno.pl\/wp-content\/uploads\/2020\/02\/iza_warszt_zabiele_www.jpg?fit=814%2C378\" src=\"https:\/\/i0.wp.com\/ck.gminakolno.pl\/wp-content\/uploads\/2020\/02\/iza_warszt_zabiele_www.jpg?resize=750%2C349\" alt=\"\" width=\"750\" height=\"349\" class=\"aligncenter size-large wp-image-3168\" srcset=\"https:\/\/i0.wp.com\/ck.gminakolno.pl\/wp-content\/uploads\/2020\/02\/iza_warszt_zabiele_www.jpg?resize=1024%2C476 1024w, https:\/\/i0.wp.com\/ck.gminakolno.pl\/wp-content\/uploads\/2020\/02\/iza_warszt_zabiele_www.jpg?resize=300%2C139 300w, https:\/\/i0.wp.com\/ck.gminakolno.pl\/wp-content\/uploads\/2020\/02\/iza_warszt_zabiele_www.jpg?resize=768%2C357 768w, https:\/\/i0.wp.com\/ck.gminakolno.pl\/wp-content\/uploads\/2020\/02\/iza_warszt_zabiele_www.jpg?resize=1536%2C714 1536w, https:\/\/i0.wp.com\/ck.gminakolno.pl\/wp-content\/uploads\/2020\/02\/iza_warszt_zabiele_www.jpg?w=1595 1595w\" sizes=\"auto, (max-width: 750px) 100vw, 750px\" \/><\/a><\/p>\n<h6><a href=\"https:\/\/photos.app.goo.gl\/RTHQfrqkmrsVgoEw6\" target=\"_blank\" rel=\"noopener noreferrer\">Warsztaty plastyczne w Zabiel<\/a>u<\/h6>\n<p><a href=\"https:\/\/photos.app.goo.gl\/3W82gtyb7u9Bd2ex7\" rel=\"attachment noopener wp-att-3167 noreferrer\" target=\"_blank\"><img data-recalc-dims=\"1\" loading=\"lazy\" decoding=\"async\" data-attachment-id=\"3167\" data-permalink=\"http:\/\/ck.gminakolno.pl\/?attachment_id=3167\" data-orig-file=\"https:\/\/i0.wp.com\/ck.gminakolno.pl\/wp-content\/uploads\/2020\/02\/ferie_lomza_www.jpg?fit=1862%2C818\" data-orig-size=\"1862,818\" data-comments-opened=\"0\" data-image-meta=\"{&quot;aperture&quot;:&quot;0&quot;,&quot;credit&quot;:&quot;&quot;,&quot;camera&quot;:&quot;&quot;,&quot;caption&quot;:&quot;&quot;,&quot;created_timestamp&quot;:&quot;0&quot;,&quot;copyright&quot;:&quot;&quot;,&quot;focal_length&quot;:&quot;0&quot;,&quot;iso&quot;:&quot;0&quot;,&quot;shutter_speed&quot;:&quot;0&quot;,&quot;title&quot;:&quot;&quot;,&quot;orientation&quot;:&quot;0&quot;}\" data-image-title=\"ferie_lomza_www\" data-image-description=\"\" data-image-caption=\"\" data-medium-file=\"https:\/\/i0.wp.com\/ck.gminakolno.pl\/wp-content\/uploads\/2020\/02\/ferie_lomza_www.jpg?fit=300%2C132\" data-large-file=\"https:\/\/i0.wp.com\/ck.gminakolno.pl\/wp-content\/uploads\/2020\/02\/ferie_lomza_www.jpg?fit=814%2C358\" src=\"https:\/\/i0.wp.com\/ck.gminakolno.pl\/wp-content\/uploads\/2020\/02\/ferie_lomza_www.jpg?resize=750%2C330\" alt=\"\" width=\"750\" height=\"330\" class=\"aligncenter size-large wp-image-3167\" srcset=\"https:\/\/i0.wp.com\/ck.gminakolno.pl\/wp-content\/uploads\/2020\/02\/ferie_lomza_www.jpg?resize=1024%2C450 1024w, https:\/\/i0.wp.com\/ck.gminakolno.pl\/wp-content\/uploads\/2020\/02\/ferie_lomza_www.jpg?resize=300%2C132 300w, https:\/\/i0.wp.com\/ck.gminakolno.pl\/wp-content\/uploads\/2020\/02\/ferie_lomza_www.jpg?resize=768%2C337 768w, https:\/\/i0.wp.com\/ck.gminakolno.pl\/wp-content\/uploads\/2020\/02\/ferie_lomza_www.jpg?resize=1536%2C675 1536w, https:\/\/i0.wp.com\/ck.gminakolno.pl\/wp-content\/uploads\/2020\/02\/ferie_lomza_www.jpg?w=1862 1862w, https:\/\/i0.wp.com\/ck.gminakolno.pl\/wp-content\/uploads\/2020\/02\/ferie_lomza_www.jpg?w=1628 1628w\" sizes=\"auto, (max-width: 750px) 100vw, 750px\" \/><\/a><\/p>\n<h6><a href=\"https:\/\/photos.app.goo.gl\/3W82gtyb7u9Bd2ex7\" target=\"_blank\" rel=\"noopener noreferrer\">Wyprawa do \u0141om\u017cy<\/a><\/h6>\n","protected":false},"excerpt":{"rendered":"<p>No i sko\u0144czy\u0142 si\u0119 czas laby i feryjnego luzu. Od dzi\u015b m\u0142odzie\u017c, z u\u015bmiechem na twarzach, znowu ruszy\u0142a zdobywa\u0107 wiedz\u0119. Ostatnie dwa tygodnie min\u0119\u0142y oczywi\u015bcie w bardzo &#8222;zimowym&#8221; klimacie. No c\u00f3\u017c. Jak m\u00f3wi stare przys\u0142owie &hellip; <\/p>\n","protected":false},"author":1,"featured_media":3169,"comment_status":"closed","ping_status":"closed","sticky":false,"template":"","format":"standard","meta":{"jetpack_post_was_ever_published":false,"_jetpack_newsletter_access":"","_jetpack_dont_email_post_to_subs":false,"_jetpack_newsletter_tier_id":0,"_jetpack_memberships_contains_paywalled_content":false,"_jetpack_memberships_contains_paid_content":false,"footnotes":"","jetpack_publicize_message":"","jetpack_publicize_feature_enabled":true,"jetpack_social_post_already_shared":true,"jetpack_social_options":{"image_generator_settings":{"template":"highway","default_image_id":0,"enabled":false},"version":2}},"categories":[4],"tags":[10,237,97,102,146,7],"class_list":["post-3166","post","type-post","status-publish","format-standard","has-post-thumbnail","hentry","category-relacja","tag-ferie","tag-kino","tag-lodowisko","tag-plastyka","tag-wincenta","tag-zabiele"],"jetpack_publicize_connections":[],"jetpack_featured_media_url":"https:\/\/i0.wp.com\/ck.gminakolno.pl\/wp-content\/uploads\/2020\/02\/iza_warszt_wincen_www.jpg?fit=952%2C1153","jetpack_sharing_enabled":true,"jetpack_shortlink":"https:\/\/wp.me\/p3l35P-P4","jetpack-related-posts":[],"_links":{"self":[{"href":"http:\/\/ck.gminakolno.pl\/index.php?rest_route=\/wp\/v2\/posts\/3166","targetHints":{"allow":["GET"]}}],"collection":[{"href":"http:\/\/ck.gminakolno.pl\/index.php?rest_route=\/wp\/v2\/posts"}],"about":[{"href":"http:\/\/ck.gminakolno.pl\/index.php?rest_route=\/wp\/v2\/types\/post"}],"author":[{"embeddable":true,"href":"http:\/\/ck.gminakolno.pl\/index.php?rest_route=\/wp\/v2\/users\/1"}],"replies":[{"embeddable":true,"href":"http:\/\/ck.gminakolno.pl\/index.php?rest_route=%2Fwp%2Fv2%2Fcomments&post=3166"}],"version-history":[{"count":1,"href":"http:\/\/ck.gminakolno.pl\/index.php?rest_route=\/wp\/v2\/posts\/3166\/revisions"}],"predecessor-version":[{"id":3170,"href":"http:\/\/ck.gminakolno.pl\/index.php?rest_route=\/wp\/v2\/posts\/3166\/revisions\/3170"}],"wp:featuredmedia":[{"embeddable":true,"href":"http:\/\/ck.gminakolno.pl\/index.php?rest_route=\/wp\/v2\/media\/3169"}],"wp:attachment":[{"href":"http:\/\/ck.gminakolno.pl\/index.php?rest_route=%2Fwp%2Fv2%2Fmedia&parent=3166"}],"wp:term":[{"taxonomy":"category","embeddable":true,"href":"http:\/\/ck.gminakolno.pl\/index.php?rest_route=%2Fwp%2Fv2%2Fcategories&post=3166"},{"taxonomy":"post_tag","embeddable":true,"href":"http:\/\/ck.gminakolno.pl\/index.php?rest_route=%2Fwp%2Fv2%2Ftags&post=3166"}],"curies":[{"name":"wp","href":"https:\/\/api.w.org\/{rel}","templated":true}]}}