{"id":3277,"date":"2020-06-08T22:50:38","date_gmt":"2020-06-08T20:50:38","guid":{"rendered":"http:\/\/ck.gminakolno.pl\/?p=3277"},"modified":"2020-06-08T22:50:40","modified_gmt":"2020-06-08T20:50:40","slug":"nasze-swietlice-znowu-otwarte","status":"publish","type":"post","link":"http:\/\/ck.gminakolno.pl\/?p=3277","title":{"rendered":"Nasze \u015bwietlice znowu otwarte!"},"content":{"rendered":"\n<p>W zwi\u0105zku z odmra\u017caniem \u015bcis\u0142ych zasad obowi\u0105zuj\u0105cych w zwi\u0105zku z pandemi\u0105 \u015bwietlice CKGK od dnia 9 czerwca zostaj\u0105 z powrotem udost\u0119pnione wszystkim ch\u0119tnym.<\/p>\n<p>Poni\u017cej publikujemy komunikat Dyrektora CKGK dotycz\u0105cy warunk\u00f3w funkcjonowania plac\u00f3wek.<\/p>\n<p><strong><b>OG\u00d3LNE ZASADY FUNKCJONOWANIA PLAC\u00d3WEK CENTRUM KULTURY GMINY KOLNO W TRAKCIE EPIDEMII COVID-19 OD DNIA 08.06.2020 R.<\/b><\/strong><\/p>\n<p>W zwi\u0105zku z wdra\u017caniem kolejnych etap\u00f3w znoszenia ogranicze\u0144 zwi\u0105zanych z koronawirusem SARS-CoV-2 informujemy o stopniowym ograniczonym przywracaniu dzia\u0142alno\u015bci Plac\u00f3wek Centrum Kultury Gminy Kolno. Decyzja dotycz\u0105ca funkcjonowania i szczeg\u00f3\u0142owych zasad organizacji pracy instytucji w obecnym re\u017cimie sanitarnym zosta\u0142a podj\u0119ta zgodnie z wytycznymi\u00a0 Ministerstwa Kultury i Dziedzictwa Narodowego z dnia 22.05.2020r. dotycz\u0105cymi funkcjonowania dom\u00f3w, centr\u00f3w i o\u015brodk\u00f3w kultury w trakcie epidemii COVID-19 w Polsce.<\/p>\n<p><strong><b>Cel wdra\u017cania procedur:<\/b><\/strong><\/p>\n<ol>\n<li>Kompleksowe, profilaktyczne dzia\u0142anie przeciwepidemiczne dostosowane do aktualnej sytuacji epidemiologicznej oraz regulacji i wytycznych rz\u0105dowych.<\/li>\n<li>Minimalizowanie ryzyka rozprzestrzenia si\u0119 koronawirusa w zwi\u0105zku z dzia\u0142alno\u015bci\u0105 Centrum Kultury Gminy Kolno.<\/li>\n<li>Zapewnienia bezpiecze\u0144stwa pracownik\u00f3w CKGK oraz odbiorc\u00f3w.<\/li>\n<\/ol>\n<p><strong><b>Obowi\u0105zuj\u0105ce zasady w plac\u00f3wkach Centrum Kultury Gminy Kolno<\/b><\/strong><\/p>\n<ol>\n<li>Zachowanie dystansu spo\u0142ecznego,<\/li>\n<li>Obowi\u0105zkowa dezynfekcja r\u0105k dla wchodz\u0105cych i\u00a0opuszczaj\u0105cych obiekt,<\/li>\n<li>Zakrywanie nosa i ust zgodnie z obowi\u0105zuj\u0105cymi przepisami,<\/li>\n<li>Obowi\u0105zkowa dezynfekcja urz\u0105dze\u0144 po ka\u017cdym u\u017cyciu maj\u0105cych bezpo\u015bredni kontakt z\u00a0osobami, kt\u00f3re go\u00a0u\u017cytkuj\u0105,<\/li>\n<li>Zachowanie co najmniej 15 min. przerw mi\u0119dzy zaj\u0119ciami,<\/li>\n<li>Wietrzenie grawitacyjne sali po ka\u017cdorazowych zaj\u0119ciach,<\/li>\n<li>Ograniczona liczba os\u00f3b:<\/li>\n<\/ol>\n<ul>\n<li>zaj\u0119cia indywidualne (prowadz\u0105cy \u2013 uczestnik) z\u00a0zakresu edukacji artystycznej w\u00a0pomieszczeniu, z\u00a0zachowaniem odleg\u0142o\u015bci co najmniej 2m i\u00a0poddaniem dezynfekcji wszystkich przedmiot\u00f3w maj\u0105cych bezpo\u015bredni kontakt z\u00a0osobami, kt\u00f3re je u\u017cytkuj\u0105;<\/li>\n<li>zaj\u0119cia grupowe \u2013 sale widowiskowe (max. 12 os\u00f3b +\u00a01\u00a0osoba prowadz\u0105ca) zespo\u0142y, orkiestry, zaj\u0119cia mo\u017cliwe tylko z\u00a0podzia\u0142em na grupy, sekcje.<\/li>\n<li>Zaj\u0119cia grupowe z zakresu zaj\u0119\u0107 ruchowych na otwartych przestrzeniach, \u00a0\u00a0z zachowaniem odleg\u0142o\u015bci co najmniej 2m,<\/li>\n<\/ul>\n<ol start=\"8\">\n<li>Rodzice i\u00a0opiekunowie przyprowadzaj\u0105cy dziecko na zaj\u0119cia nie maj\u0105 wst\u0119pu na sal\u0119 zaj\u0119\u0107.<\/li>\n<li>Rodzice i\u00a0opiekunowie zachowuj\u0105 zasady dystansu spo\u0142ecznego i\u00a0izolacji pomi\u0119dzy sob\u0105.<\/li>\n<li>Osoby uczestnicz\u0105ce w\u00a0zaj\u0119ciach zobowi\u0105zane s\u0105 do bezwzgl\u0119dnego opuszczenia obiektu po zako\u0144czonych zaj\u0119ciach.<\/li>\n<\/ol>\n<p>W ka\u017cdym przypadku wyst\u0119powania objaw\u00f3w mog\u0105cych wskazywa\u0107 na zaka\u017cenie wirusem COVID-19 (z\u0142e samopoczucie, gor\u0105czka, kaszel, duszno\u015bci), uczestnik zaj\u0119\u0107 powinien zrezygnowa\u0107 z\u00a0udzia\u0142u w\u00a0zaj\u0119ciach i\u00a0koniecznie zg\u0142osi\u0107 si\u0119 telefonicznie do stacji sanitarno-epidemiologicznej.<\/p>\n<p>\u00a0<\/p>\n","protected":false},"excerpt":{"rendered":"<p>W zwi\u0105zku z odmra\u017caniem \u015bcis\u0142ych zasad obowi\u0105zuj\u0105cych w zwi\u0105zku z pandemi\u0105 \u015bwietlice CKGK od dnia 9 czerwca zostaj\u0105 z powrotem udost\u0119pnione wszystkim ch\u0119tnym. Poni\u017cej publikujemy komunikat Dyrektora CKGK dotycz\u0105cy warunk\u00f3w funkcjonowania plac\u00f3wek. OG\u00d3LNE ZASADY FUNKCJONOWANIA &hellip; <\/p>\n","protected":false},"author":1,"featured_media":3278,"comment_status":"closed","ping_status":"closed","sticky":false,"template":"","format":"standard","meta":{"jetpack_post_was_ever_published":false,"_jetpack_newsletter_access":"","_jetpack_dont_email_post_to_subs":false,"_jetpack_newsletter_tier_id":0,"_jetpack_memberships_contains_paywalled_content":false,"_jetpack_memberships_contains_paid_content":false,"footnotes":"","jetpack_publicize_message":"","jetpack_publicize_feature_enabled":true,"jetpack_social_post_already_shared":true,"jetpack_social_options":{"image_generator_settings":{"template":"highway","default_image_id":0,"enabled":false},"version":2}},"categories":[215,245],"tags":[214,246,12],"class_list":["post-3277","post","type-post","status-publish","format-standard","has-post-thumbnail","hentry","category-komunikat","category-kultura-w-kwarantannie","tag-komunikat","tag-kultura-w-kwarantannie","tag-swietlice"],"jetpack_publicize_connections":[],"jetpack_featured_media_url":"https:\/\/i0.wp.com\/ck.gminakolno.pl\/wp-content\/uploads\/2020\/06\/freedom-2053281_640.jpg?fit=640%2C486","jetpack_sharing_enabled":true,"jetpack_shortlink":"https:\/\/wp.me\/p3l35P-QR","jetpack-related-posts":[],"_links":{"self":[{"href":"http:\/\/ck.gminakolno.pl\/index.php?rest_route=\/wp\/v2\/posts\/3277","targetHints":{"allow":["GET"]}}],"collection":[{"href":"http:\/\/ck.gminakolno.pl\/index.php?rest_route=\/wp\/v2\/posts"}],"about":[{"href":"http:\/\/ck.gminakolno.pl\/index.php?rest_route=\/wp\/v2\/types\/post"}],"author":[{"embeddable":true,"href":"http:\/\/ck.gminakolno.pl\/index.php?rest_route=\/wp\/v2\/users\/1"}],"replies":[{"embeddable":true,"href":"http:\/\/ck.gminakolno.pl\/index.php?rest_route=%2Fwp%2Fv2%2Fcomments&post=3277"}],"version-history":[{"count":1,"href":"http:\/\/ck.gminakolno.pl\/index.php?rest_route=\/wp\/v2\/posts\/3277\/revisions"}],"predecessor-version":[{"id":3279,"href":"http:\/\/ck.gminakolno.pl\/index.php?rest_route=\/wp\/v2\/posts\/3277\/revisions\/3279"}],"wp:featuredmedia":[{"embeddable":true,"href":"http:\/\/ck.gminakolno.pl\/index.php?rest_route=\/wp\/v2\/media\/3278"}],"wp:attachment":[{"href":"http:\/\/ck.gminakolno.pl\/index.php?rest_route=%2Fwp%2Fv2%2Fmedia&parent=3277"}],"wp:term":[{"taxonomy":"category","embeddable":true,"href":"http:\/\/ck.gminakolno.pl\/index.php?rest_route=%2Fwp%2Fv2%2Fcategories&post=3277"},{"taxonomy":"post_tag","embeddable":true,"href":"http:\/\/ck.gminakolno.pl\/index.php?rest_route=%2Fwp%2Fv2%2Ftags&post=3277"}],"curies":[{"name":"wp","href":"https:\/\/api.w.org\/{rel}","templated":true}]}}