{"id":3450,"date":"2020-10-29T23:00:35","date_gmt":"2020-10-29T22:00:35","guid":{"rendered":"http:\/\/ck.gminakolno.pl\/?p=3450"},"modified":"2020-10-29T23:02:14","modified_gmt":"2020-10-29T22:02:14","slug":"wyroznienie-dla-dziwadla","status":"publish","type":"post","link":"http:\/\/ck.gminakolno.pl\/?p=3450","title":{"rendered":"Wyr\u00f3\u017cnienie dla Dziwadla"},"content":{"rendered":"\n<p>Mi\u0142o nam poinformowa\u0107, i\u017c Teatr M\u0142odych \u201eDziwadlo\u201d dzia\u0142aj\u0105cy przy naszej \u015bwietlicy w Czerwonym otrzyma\u0142 wyr\u00f3\u017cnienie (nagroda finansowa) w 41 Og\u00f3lnopolskim Festiwalu Teatr\u00f3w M\u0142odych \u201eDziatwa 2020\u201d. Ju\u017c sam udzia\u0142 w prezentacjach fina\u0142owych zesp\u00f3\u0142 traktowa\u0142 jako bardzo du\u017ce wyr\u00f3\u017cnienie, a tu jeszcze wsparcie finansowe. Mamy nadziej\u0119, \u017ce to nie ostatnia nagroda zar\u00f3wno dla tego zespo\u0142u jak i innych grup teatralnych i wokalnych dzia\u0142aj\u0105cych w ramach Centrum. Gratulacje dla dziewczyn.<\/p>\n<p><a href=\"https:\/\/www.youtube.com\/watch?v=xd2ZD7isye4\" target=\"_blank\" rel=\"noopener noreferrer\">Bajk\u0119 \u201eCzerwony Kapturek raz jeszcze?\u201d (wyst\u0119p konkursowy) mo\u017cna obejrze\u0107 pod za\u0142\u0105czonym linkiem (od 43 min).<\/a><\/p>\n<p>\u00a0<\/p>\n","protected":false},"excerpt":{"rendered":"<p>Mi\u0142o nam poinformowa\u0107, i\u017c Teatr M\u0142odych \u201eDziwadlo\u201d dzia\u0142aj\u0105cy przy naszej \u015bwietlicy w Czerwonym otrzyma\u0142 wyr\u00f3\u017cnienie (nagroda finansowa) w 41 Og\u00f3lnopolskim Festiwalu Teatr\u00f3w M\u0142odych \u201eDziatwa 2020\u201d. Ju\u017c sam udzia\u0142 w prezentacjach fina\u0142owych zesp\u00f3\u0142 traktowa\u0142 jako bardzo &hellip; <\/p>\n","protected":false},"author":1,"featured_media":3140,"comment_status":"closed","ping_status":"closed","sticky":false,"template":"","format":"standard","meta":{"jetpack_post_was_ever_published":false,"_jetpack_newsletter_access":"","_jetpack_dont_email_post_to_subs":false,"_jetpack_newsletter_tier_id":0,"_jetpack_memberships_contains_paywalled_content":false,"_jetpack_memberships_contains_paid_content":false,"footnotes":"","jetpack_publicize_message":"","jetpack_publicize_feature_enabled":true,"jetpack_social_post_already_shared":true,"jetpack_social_options":{"image_generator_settings":{"template":"highway","default_image_id":0,"enabled":false},"version":2}},"categories":[37,125,122],"tags":[261,8,234],"class_list":["post-3450","post","type-post","status-publish","format-standard","has-post-thumbnail","hentry","category-konkursy","category-spektakl","category-turniej","tag-dziatwa","tag-nagroda","tag-teatr-mlodych-dziwadlo"],"jetpack_publicize_connections":[],"jetpack_featured_media_url":"https:\/\/i0.wp.com\/ck.gminakolno.pl\/wp-content\/uploads\/2020\/01\/czerw_03.jpg?fit=1899%2C1738","jetpack_sharing_enabled":true,"jetpack_shortlink":"https:\/\/wp.me\/p3l35P-TE","jetpack-related-posts":[],"_links":{"self":[{"href":"http:\/\/ck.gminakolno.pl\/index.php?rest_route=\/wp\/v2\/posts\/3450","targetHints":{"allow":["GET"]}}],"collection":[{"href":"http:\/\/ck.gminakolno.pl\/index.php?rest_route=\/wp\/v2\/posts"}],"about":[{"href":"http:\/\/ck.gminakolno.pl\/index.php?rest_route=\/wp\/v2\/types\/post"}],"author":[{"embeddable":true,"href":"http:\/\/ck.gminakolno.pl\/index.php?rest_route=\/wp\/v2\/users\/1"}],"replies":[{"embeddable":true,"href":"http:\/\/ck.gminakolno.pl\/index.php?rest_route=%2Fwp%2Fv2%2Fcomments&post=3450"}],"version-history":[{"count":1,"href":"http:\/\/ck.gminakolno.pl\/index.php?rest_route=\/wp\/v2\/posts\/3450\/revisions"}],"predecessor-version":[{"id":3451,"href":"http:\/\/ck.gminakolno.pl\/index.php?rest_route=\/wp\/v2\/posts\/3450\/revisions\/3451"}],"wp:featuredmedia":[{"embeddable":true,"href":"http:\/\/ck.gminakolno.pl\/index.php?rest_route=\/wp\/v2\/media\/3140"}],"wp:attachment":[{"href":"http:\/\/ck.gminakolno.pl\/index.php?rest_route=%2Fwp%2Fv2%2Fmedia&parent=3450"}],"wp:term":[{"taxonomy":"category","embeddable":true,"href":"http:\/\/ck.gminakolno.pl\/index.php?rest_route=%2Fwp%2Fv2%2Fcategories&post=3450"},{"taxonomy":"post_tag","embeddable":true,"href":"http:\/\/ck.gminakolno.pl\/index.php?rest_route=%2Fwp%2Fv2%2Ftags&post=3450"}],"curies":[{"name":"wp","href":"https:\/\/api.w.org\/{rel}","templated":true}]}}